{"id":5216,"date":"2024-06-05T08:31:42","date_gmt":"2024-06-05T07:31:42","guid":{"rendered":"https:\/\/grupoboulevard.com\/corp\/?p=5216"},"modified":"2024-06-05T09:04:48","modified_gmt":"2024-06-05T08:04:48","slug":"can-pescador-restaurnte-cocina-mediterranea-puerto-de-pollensa","status":"publish","type":"post","link":"https:\/\/grupoboulevard.com\/corp\/2024\/06\/05\/can-pescador-restaurnte-cocina-mediterranea-puerto-de-pollensa\/","title":{"rendered":"Ca&#8217;n Pescador Puerto de Pollensa, tradici\u00f3n culinaria"},"content":{"rendered":"\n<style type=\"text\/css\" data-created_by=\"avia_inline_auto\" id=\"style-css-av-lb0ngt4k-c9dd7147d5d4adc069053974fff02812\">\n#top .av-special-heading.av-lb0ngt4k-c9dd7147d5d4adc069053974fff02812{\npadding-bottom:0;\nfont-size:30px;\n}\nbody .av-special-heading.av-lb0ngt4k-c9dd7147d5d4adc069053974fff02812 .av-special-heading-tag .heading-char{\nfont-size:25px;\n}\n#top #wrap_all .av-special-heading.av-lb0ngt4k-c9dd7147d5d4adc069053974fff02812 .av-special-heading-tag{\nfont-size:30px;\n}\n.av-special-heading.av-lb0ngt4k-c9dd7147d5d4adc069053974fff02812 .av-subheading{\nfont-size:14px;\n}\n\n@media only screen and (min-width: 480px) and (max-width: 767px){ \n#top #wrap_all .av-special-heading.av-lb0ngt4k-c9dd7147d5d4adc069053974fff02812 .av-special-heading-tag{\nfont-size:0.8em;\n}\n}\n\n@media only screen and (max-width: 479px){ \n#top #wrap_all .av-special-heading.av-lb0ngt4k-c9dd7147d5d4adc069053974fff02812 .av-special-heading-tag{\nfont-size:0.8em;\n}\n}\n<\/style>\n<div  class='av-special-heading av-lb0ngt4k-c9dd7147d5d4adc069053974fff02812 av-special-heading-h1 blockquote modern-quote modern-centered  avia-builder-el-0  el_before_av_hr  avia-builder-el-first  av-inherit-size'><h1 class='av-special-heading-tag '  itemprop=\"headline\"  >Ca\u2019n Pescador Puerto de Pollensa, dos d\u00e9cadas de tradici\u00f3n culinaria<\/h1><div class=\"special-heading-border\"><div class=\"special-heading-inner-border\"><\/div><\/div><\/div>\n\n<style type=\"text\/css\" data-created_by=\"avia_inline_auto\" id=\"style-css-av-2458an-c9415870176bca10d5744588c81060d3\">\n#top .hr.hr-invisible.av-2458an-c9415870176bca10d5744588c81060d3{\nheight:25px;\n}\n<\/style>\n<div  class='hr av-2458an-c9415870176bca10d5744588c81060d3 hr-invisible  avia-builder-el-1  el_after_av_heading  el_before_av_image '><span class='hr-inner '><span class=\"hr-inner-style\"><\/span><\/span><\/div>\n\n<style type=\"text\/css\" data-created_by=\"avia_inline_auto\" id=\"style-css-av-lx0geuyd-ffc445078149474b5ab689687f023b67\">\n.avia-image-container.av-lx0geuyd-ffc445078149474b5ab689687f023b67 img.avia_image{\nbox-shadow:none;\n}\n.avia-image-container.av-lx0geuyd-ffc445078149474b5ab689687f023b67 .av-image-caption-overlay-center{\ncolor:#ffffff;\n}\n<\/style>\n<div  class='avia-image-container av-lx0geuyd-ffc445078149474b5ab689687f023b67 av-styling- avia-align-center  avia-builder-el-2  el_after_av_hr  el_before_av_heading '   itemprop=\"image\" itemscope=\"itemscope\" itemtype=\"https:\/\/schema.org\/ImageObject\" ><div class=\"avia-image-container-inner\"><div class=\"avia-image-overlay-wrap\"><img decoding=\"async\" fetchpriority=\"high\" class='wp-image-5218 avia-img-lazy-loading-not-5218 avia_image ' src=\"https:\/\/grupoboulevard.com\/corp\/wp-content\/uploads\/2024\/06\/restaurante-mallorca-cocina-mediterranea-1.png\" alt='' title='restaurante-mallorca-cocina-mediterranea'  height=\"800\" width=\"1600\"  itemprop=\"thumbnailUrl\" srcset=\"https:\/\/grupoboulevard.com\/corp\/wp-content\/uploads\/2024\/06\/restaurante-mallorca-cocina-mediterranea-1.png 1600w, https:\/\/grupoboulevard.com\/corp\/wp-content\/uploads\/2024\/06\/restaurante-mallorca-cocina-mediterranea-1-300x150.png 300w, https:\/\/grupoboulevard.com\/corp\/wp-content\/uploads\/2024\/06\/restaurante-mallorca-cocina-mediterranea-1-1030x515.png 1030w, https:\/\/grupoboulevard.com\/corp\/wp-content\/uploads\/2024\/06\/restaurante-mallorca-cocina-mediterranea-1-768x384.png 768w, https:\/\/grupoboulevard.com\/corp\/wp-content\/uploads\/2024\/06\/restaurante-mallorca-cocina-mediterranea-1-1536x768.png 1536w, https:\/\/grupoboulevard.com\/corp\/wp-content\/uploads\/2024\/06\/restaurante-mallorca-cocina-mediterranea-1-1500x750.png 1500w, https:\/\/grupoboulevard.com\/corp\/wp-content\/uploads\/2024\/06\/restaurante-mallorca-cocina-mediterranea-1-705x353.png 705w\" sizes=\"(max-width: 1600px) 100vw, 1600px\" \/><\/div><\/div><\/div>\n\n<style type=\"text\/css\" data-created_by=\"avia_inline_auto\" id=\"style-css-av-lb0nk1wv-df2365d5a2cb870cee85cf01f3df034e\">\n#top .av-special-heading.av-lb0nk1wv-df2365d5a2cb870cee85cf01f3df034e{\npadding-bottom:0;\nfont-size:20px;\n}\nbody .av-special-heading.av-lb0nk1wv-df2365d5a2cb870cee85cf01f3df034e .av-special-heading-tag .heading-char{\nfont-size:25px;\n}\n#top #wrap_all .av-special-heading.av-lb0nk1wv-df2365d5a2cb870cee85cf01f3df034e .av-special-heading-tag{\nfont-size:20px;\n}\n.av-special-heading.av-lb0nk1wv-df2365d5a2cb870cee85cf01f3df034e .av-subheading{\nfont-size:14px;\n}\n\n@media only screen and (min-width: 480px) and (max-width: 767px){ \n#top #wrap_all .av-special-heading.av-lb0nk1wv-df2365d5a2cb870cee85cf01f3df034e .av-special-heading-tag{\nfont-size:0.8em;\n}\n}\n\n@media only screen and (max-width: 479px){ \n#top #wrap_all .av-special-heading.av-lb0nk1wv-df2365d5a2cb870cee85cf01f3df034e .av-special-heading-tag{\nfont-size:0.8em;\n}\n}\n<\/style>\n<div  class='av-special-heading av-lb0nk1wv-df2365d5a2cb870cee85cf01f3df034e av-special-heading-h2 blockquote modern-quote modern-centered  avia-builder-el-3  el_after_av_image  el_before_av_hr  av-inherit-size'><h2 class='av-special-heading-tag '  itemprop=\"headline\"  >El digital de Ultima Hora reconoce la labor gastron\u00f3mica del restaurante, y de Grupo Boulevard, sin\u00f3nimo de calidad culinaria y especialidades mediterr\u00e1neas desde 2006<\/h2><div class=\"special-heading-border\"><div class=\"special-heading-inner-border\"><\/div><\/div><\/div>\n\n<style type=\"text\/css\" data-created_by=\"avia_inline_auto\" id=\"style-css-av-2n61cw-bffdfead19fd38588a494da27105a7e5\">\n#top .hr.hr-invisible.av-2n61cw-bffdfead19fd38588a494da27105a7e5{\nheight:25px;\n}\n<\/style>\n<div  class='hr av-2n61cw-bffdfead19fd38588a494da27105a7e5 hr-invisible  avia-builder-el-4  el_after_av_heading  el_before_av_textblock '><span class='hr-inner '><span class=\"hr-inner-style\"><\/span><\/span><\/div>\n<section  class='av_textblock_section av-lb0mpxhv-8c764934af6567c0a366efd3ba972cee '   itemscope=\"itemscope\" itemtype=\"https:\/\/schema.org\/BlogPosting\" itemprop=\"blogPost\" ><div class='avia_textblock'  itemprop=\"text\" ><p>El medio, uno de los m\u00e1s influyentes en Baleares, destaca, en su portada online,<strong> la historia de este restaurante que honra a su tradici\u00f3n y entorno desde sus inicios<\/strong>. Y es que \u00abhaciendo honor al pueblo de pescadores\u00bb donde se ubica, en Puerto de Pollensa, el restaurante combina <strong>tradici\u00f3n culinaria y esencia mediterr\u00e1nea desde 2026<\/strong>. \u00abCerca de dos d\u00e9cadas acercando cocina tradicional al comensal, sin\u00f3nimo de calidad y de una experiencia culinaria pensada para el disfrute\u00bb, apunta, gracias a la pasi\u00f3n del sello que lo avala, Grupo Boulevard, en su apuesta por ofrecer experiencias gastron\u00f3micas donde la excelencia es protagonista.<\/p>\n<p>El restaurante, que comparte marca con el establecimiento de <strong>mismo nombre en Playa de Muro<\/strong>, adem\u00e1s de <strong>huerto con otros restaurantes del Grupo, gracias al proyecto sostenible, <em>Projecte Zero,\u00a0<\/em><\/strong>ofrece una carta con el producto fresco y de proximidad como base de su propuesta culinaria.<\/p>\n<\/div><\/section>\n\n<style type=\"text\/css\" data-created_by=\"avia_inline_auto\" id=\"style-css-av-9ivflc-d93b7fd606ce29e2f56559a6b8f636e9\">\n#top .hr.hr-invisible.av-9ivflc-d93b7fd606ce29e2f56559a6b8f636e9{\nheight:25px;\n}\n<\/style>\n<div  class='hr av-9ivflc-d93b7fd606ce29e2f56559a6b8f636e9 hr-invisible  avia-builder-el-6  el_after_av_textblock  el_before_av_image '><span class='hr-inner '><span class=\"hr-inner-style\"><\/span><\/span><\/div>\n\n<style type=\"text\/css\" data-created_by=\"avia_inline_auto\" id=\"style-css-av-8s1hc-eff7d3613f521a3eecb2f2d0048f8558\">\n.avia-image-container.av-8s1hc-eff7d3613f521a3eecb2f2d0048f8558 img.avia_image{\nbox-shadow:none;\n}\n.avia-image-container.av-8s1hc-eff7d3613f521a3eecb2f2d0048f8558 .av-image-caption-overlay-center{\ncolor:#ffffff;\n}\n<\/style>\n<div  class='avia-image-container av-8s1hc-eff7d3613f521a3eecb2f2d0048f8558 av-styling- avia-align-center  avia-builder-el-7  el_after_av_hr  el_before_av_hr '   itemprop=\"image\" itemscope=\"itemscope\" itemtype=\"https:\/\/schema.org\/ImageObject\" ><div class=\"avia-image-container-inner\"><div class=\"avia-image-overlay-wrap\"><img decoding=\"async\" fetchpriority=\"high\" class='wp-image-5220 avia-img-lazy-loading-not-5220 avia_image ' src=\"https:\/\/grupoboulevard.com\/corp\/wp-content\/uploads\/2024\/06\/Foto-4.png\" alt='' title='Foto 4'  height=\"550\" width=\"1280\"  itemprop=\"thumbnailUrl\" srcset=\"https:\/\/grupoboulevard.com\/corp\/wp-content\/uploads\/2024\/06\/Foto-4.png 1280w, https:\/\/grupoboulevard.com\/corp\/wp-content\/uploads\/2024\/06\/Foto-4-300x129.png 300w, https:\/\/grupoboulevard.com\/corp\/wp-content\/uploads\/2024\/06\/Foto-4-1030x443.png 1030w, https:\/\/grupoboulevard.com\/corp\/wp-content\/uploads\/2024\/06\/Foto-4-768x330.png 768w, https:\/\/grupoboulevard.com\/corp\/wp-content\/uploads\/2024\/06\/Foto-4-705x303.png 705w\" sizes=\"(max-width: 1280px) 100vw, 1280px\" \/><\/div><\/div><\/div>\n\n<style type=\"text\/css\" data-created_by=\"avia_inline_auto\" id=\"style-css-av-7g1gkg-71e6a3a541b113954ff615730d56f824\">\n#top .hr.hr-invisible.av-7g1gkg-71e6a3a541b113954ff615730d56f824{\nheight:25px;\n}\n<\/style>\n<div  class='hr av-7g1gkg-71e6a3a541b113954ff615730d56f824 hr-invisible  avia-builder-el-8  el_after_av_image  el_before_av_textblock '><span class='hr-inner '><span class=\"hr-inner-style\"><\/span><\/span><\/div>\n<section  class='av_textblock_section av-lx1ico68-83b3a2a42bf8aaf8af8eb1046b0b9552 '   itemscope=\"itemscope\" itemtype=\"https:\/\/schema.org\/BlogPosting\" itemprop=\"blogPost\" ><div class='avia_textblock'  itemprop=\"text\" ><p>En su af\u00e1n por ofrecer <strong>experiencias \u00fanicas y de calidad a sus clientes, Grupo Boulevard, cuida su oferta gastron\u00f3mica<\/strong>, adem\u00e1s de su <strong>atm\u00f3sfera y de sus ubicaciones<\/strong>, con lo que Ca&#8217;n Pescador Puerto de Pollensa, ubicado en primera l\u00ednea de mar en el Passeig Vora Mar, \u00abgarantiza una visita completa en la que zambullirse en el Mediterr\u00e1neo es posible y no \u00fanicamente desde el punto de vista gastron\u00f3mico\u00bb permitiendo as\u00ed al comensal que \u00abpueda degustar sus sabrosas y singulares paellas, refrescantes ensaladas o frituras sobre la arena, mientras respiras la brisa marina\u00bb<strong>.<\/strong><\/p>\n<p>\u00ab<strong>Un viaje culinario envolvente donde se rinde homenaje a los productos de su tierra y mar, y donde se honra a la riqueza que el Mediterr\u00e1neo<\/strong> ofrece\u00bb, concluye.<\/p>\n<p>Os invitamos a que<strong> le\u00e1is el art\u00edculo completo<\/strong> y a que visit\u00e9is uno de los <strong>restaurantes hist\u00f3ricos de Grupo Boulevard<\/strong> que forma parte de la <strong>l\u00ednea Or\u00edgens<\/strong> del Grupo, cuyo <strong>respeto por el cuidado y cocinado del producto<\/strong> y las materias primas que conforman su carta es fundamental.<\/p>\n<\/div><\/section>\n\n<style type=\"text\/css\" data-created_by=\"avia_inline_auto\" id=\"style-css-av-2mc84c-fb6b444a30de77be0a94a43b36bca977\">\n#top .hr.hr-invisible.av-2mc84c-fb6b444a30de77be0a94a43b36bca977{\nheight:25px;\n}\n<\/style>\n<div  class='hr av-2mc84c-fb6b444a30de77be0a94a43b36bca977 hr-invisible  avia-builder-el-10  el_after_av_textblock  el_before_av_image '><span class='hr-inner '><span class=\"hr-inner-style\"><\/span><\/span><\/div>\n\n<div  class='flex_column av-2dtq64-1ba931b020c0b399bd9ce6c8d088cf9c av_one_half  avia-builder-el-12  el_after_av_image  el_before_av_one_half  first flex_column_div  '     ><div  class='avia-button-wrap av-lb0mstoc-22945a75120510feab59de9c840bd31f-wrap avia-button-center  avia-builder-el-13  avia-builder-el-no-sibling '><a href='https:\/\/www.canpescador.es\/contacto-horarios-reservas\/#reservar' class='avia-button av-lb0mstoc-22945a75120510feab59de9c840bd31f av-link-btn avia-icon_select-yes-left-icon avia-size-medium avia-position-center avia-color-theme-color' target=\"_blank\" rel=\"noopener noreferrer\" aria-label=\"Reservar en Ca\u2019n Pescador Puerto de Pollensa\"><span class='avia_button_icon avia_button_icon_left' aria-hidden='true' data-av_icon='\ue875' data-av_iconfont='entypo-fontello'><\/span><span class='avia_iconbox_title' >Reservar en Ca\u2019n Pescador Puerto de Pollensa<\/span><\/a><\/div><\/div>\n<div  class='flex_column av-2sg58i-7e7cdc1d61f5c7784232142342016fc0 av_one_half  avia-builder-el-14  el_after_av_one_half  el_before_av_hr  flex_column_div  '     ><div  class='avia-button-wrap av-livczj25-6c17337b698cf75959a662e55fed7747-wrap avia-button-center  avia-builder-el-15  avia-builder-el-no-sibling '><a href='https:\/\/www.ultimahora.es\/noticias\/part-forana\/2024\/05\/30\/2173691\/cocina-mediterranea-junto-mar.html' class='avia-button av-livczj25-6c17337b698cf75959a662e55fed7747 av-link-btn avia-icon_select-yes-left-icon avia-size-medium avia-position-center avia-color-theme-color' target=\"_blank\" rel=\"noopener noreferrer\" aria-label=\"Leer reportaje completo\"><span class='avia_button_icon avia_button_icon_left' aria-hidden='true' data-av_icon='\ue875' data-av_iconfont='entypo-fontello'><\/span><span class='avia_iconbox_title' >Leer reportaje completo<\/span><\/a><\/div><\/div>\n\n<style type=\"text\/css\" data-created_by=\"avia_inline_auto\" id=\"style-css-av-kq7lc-da49c1c88d5d1cb3313c4a236bb26bd0\">\n#top .hr.hr-invisible.av-kq7lc-da49c1c88d5d1cb3313c4a236bb26bd0{\nheight:25px;\n}\n<\/style>\n<div  class='hr av-kq7lc-da49c1c88d5d1cb3313c4a236bb26bd0 hr-invisible  avia-builder-el-16  el_after_av_one_half  el_before_av_hr '><span class='hr-inner '><span class=\"hr-inner-style\"><\/span><\/span><\/div>\n\n<style type=\"text\/css\" data-created_by=\"avia_inline_auto\" id=\"style-css-av-46bf4g-1e0daaf2d1e6aa7186a37b8a46516fc7\">\n#top .hr.hr-invisible.av-46bf4g-1e0daaf2d1e6aa7186a37b8a46516fc7{\nheight:25px;\n}\n<\/style>\n<div  class='hr av-46bf4g-1e0daaf2d1e6aa7186a37b8a46516fc7 hr-invisible  avia-builder-el-17  el_after_av_hr  el_before_av_image '><span class='hr-inner '><span class=\"hr-inner-style\"><\/span><\/span><\/div>\n\n<style type=\"text\/css\" data-created_by=\"avia_inline_auto\" id=\"style-css-av-24iqow-51de68d319584f0e38ef8d58ee35383d\">\n.avia-image-container.av-24iqow-51de68d319584f0e38ef8d58ee35383d img.avia_image{\nbox-shadow:none;\n}\n.avia-image-container.av-24iqow-51de68d319584f0e38ef8d58ee35383d .av-image-caption-overlay-center{\ncolor:#ffffff;\n}\n<\/style>\n<div  class='avia-image-container av-24iqow-51de68d319584f0e38ef8d58ee35383d av-styling- avia-align-center  avia-builder-el-18  el_after_av_hr  el_before_av_hr '   itemprop=\"image\" itemscope=\"itemscope\" itemtype=\"https:\/\/schema.org\/ImageObject\" ><div class=\"avia-image-container-inner\"><div class=\"avia-image-overlay-wrap\"><img decoding=\"async\" fetchpriority=\"high\" class='wp-image-5222 avia-img-lazy-loading-not-5222 avia_image ' src=\"https:\/\/grupoboulevard.com\/corp\/wp-content\/uploads\/2024\/06\/Foto-3.png\" alt='' title='Grupo Boulevard productos frescos y sostenibilidad'  height=\"550\" width=\"1280\"  itemprop=\"thumbnailUrl\" srcset=\"https:\/\/grupoboulevard.com\/corp\/wp-content\/uploads\/2024\/06\/Foto-3.png 1280w, https:\/\/grupoboulevard.com\/corp\/wp-content\/uploads\/2024\/06\/Foto-3-300x129.png 300w, https:\/\/grupoboulevard.com\/corp\/wp-content\/uploads\/2024\/06\/Foto-3-1030x443.png 1030w, https:\/\/grupoboulevard.com\/corp\/wp-content\/uploads\/2024\/06\/Foto-3-768x330.png 768w, https:\/\/grupoboulevard.com\/corp\/wp-content\/uploads\/2024\/06\/Foto-3-705x303.png 705w\" sizes=\"(max-width: 1280px) 100vw, 1280px\" \/><\/div><\/div><\/div>\n\n<style type=\"text\/css\" data-created_by=\"avia_inline_auto\" id=\"style-css-av-2bkxn3-4812fd4b8a64aaa8cf2d9e5a1225aa3c\">\n#top .hr.hr-invisible.av-2bkxn3-4812fd4b8a64aaa8cf2d9e5a1225aa3c{\nheight:50px;\n}\n<\/style>\n<div  class='hr av-2bkxn3-4812fd4b8a64aaa8cf2d9e5a1225aa3c hr-invisible  avia-builder-el-19  el_after_av_image  el_before_av_hr '><span class='hr-inner '><span class=\"hr-inner-style\"><\/span><\/span><\/div>\n\n<style type=\"text\/css\" data-created_by=\"avia_inline_auto\" id=\"style-css-av-1zblvg-df54164b448f0d0e864004a6e4d83d89\">\n#top .hr.hr-invisible.av-1zblvg-df54164b448f0d0e864004a6e4d83d89{\nheight:50px;\n}\n<\/style>\n<div  class='hr av-1zblvg-df54164b448f0d0e864004a6e4d83d89 hr-invisible  avia-builder-el-20  el_after_av_hr  avia-builder-el-last '><span class='hr-inner '><span class=\"hr-inner-style\"><\/span><\/span><\/div>\n","protected":false},"excerpt":{"rendered":"<p>El medio digital \u00daltima Hora reconoce la labor gastron\u00f3mica del con m\u00e1s historia de Grupo Boulevard<\/p>\n","protected":false},"author":1,"featured_media":5218,"comment_status":"closed","ping_status":"closed","sticky":false,"template":"","format":"standard","meta":{"footnotes":""},"categories":[1],"tags":[],"class_list":["post-5216","post","type-post","status-publish","format-standard","has-post-thumbnail","hentry","category-noticias-grupo-boulevard"],"yoast_head":"<!-- This site is optimized with the Yoast SEO plugin v27.4 - https:\/\/yoast.com\/product\/yoast-seo-wordpress\/ -->\n<title>Cocina mediterr\u00e1nea junto al mar<\/title>\n<meta name=\"description\" content=\"El restaurante, igual que su restaurante hermano ubicado en Playa de Muro ofrece una carta mediterr\u00e1nea basada en productos de proximidad.\" \/>\n<meta name=\"robots\" content=\"index, follow, max-snippet:-1, max-image-preview:large, max-video-preview:-1\" \/>\n<link rel=\"canonical\" href=\"https:\/\/grupoboulevard.com\/corp\/2024\/06\/05\/can-pescador-restaurnte-cocina-mediterranea-puerto-de-pollensa\/\" \/>\n<meta property=\"og:locale\" content=\"es_ES\" \/>\n<meta property=\"og:type\" content=\"article\" \/>\n<meta property=\"og:title\" content=\"Cocina mediterr\u00e1nea junto al mar\" \/>\n<meta property=\"og:description\" content=\"El restaurante, igual que su restaurante hermano ubicado en Playa de Muro ofrece una carta mediterr\u00e1nea basada en productos de proximidad.\" \/>\n<meta property=\"og:url\" content=\"https:\/\/grupoboulevard.com\/corp\/2024\/06\/05\/can-pescador-restaurnte-cocina-mediterranea-puerto-de-pollensa\/\" \/>\n<meta property=\"og:site_name\" content=\"Grupo Boulevard | Desde 1993\" \/>\n<meta property=\"article:publisher\" content=\"https:\/\/es-es.facebook.com\/ProyectosBoulevard\/\" \/>\n<meta property=\"article:published_time\" content=\"2024-06-05T07:31:42+00:00\" \/>\n<meta property=\"article:modified_time\" content=\"2024-06-05T08:04:48+00:00\" \/>\n<meta property=\"og:image\" content=\"https:\/\/grupoboulevard.com\/corp\/wp-content\/uploads\/2024\/06\/restaurante-mallorca-cocina-mediterranea-1-1030x515.png\" \/>\n\t<meta property=\"og:image:width\" content=\"1030\" \/>\n\t<meta property=\"og:image:height\" content=\"515\" \/>\n\t<meta property=\"og:image:type\" content=\"image\/png\" \/>\n<meta name=\"author\" content=\"Grupo_Boulevard\" \/>\n<meta name=\"twitter:card\" content=\"summary_large_image\" \/>\n<meta name=\"twitter:label1\" content=\"Escrito por\" \/>\n\t<meta name=\"twitter:data1\" content=\"Grupo_Boulevard\" \/>\n\t<meta name=\"twitter:label2\" content=\"Tiempo de lectura\" \/>\n\t<meta name=\"twitter:data2\" content=\"7 minutos\" \/>\n<script type=\"application\/ld+json\" class=\"yoast-schema-graph\">{\"@context\":\"https:\\\/\\\/schema.org\",\"@graph\":[{\"@type\":\"Article\",\"@id\":\"https:\\\/\\\/grupoboulevard.com\\\/corp\\\/2024\\\/06\\\/05\\\/can-pescador-restaurnte-cocina-mediterranea-puerto-de-pollensa\\\/#article\",\"isPartOf\":{\"@id\":\"https:\\\/\\\/grupoboulevard.com\\\/corp\\\/2024\\\/06\\\/05\\\/can-pescador-restaurnte-cocina-mediterranea-puerto-de-pollensa\\\/\"},\"author\":{\"name\":\"Grupo_Boulevard\",\"@id\":\"https:\\\/\\\/grupoboulevard.com\\\/corp\\\/#\\\/schema\\\/person\\\/ab99798133b4cda1c8b5d1d201ea44a5\"},\"headline\":\"Ca&#8217;n Pescador Puerto de Pollensa, tradici\u00f3n culinaria\",\"datePublished\":\"2024-06-05T07:31:42+00:00\",\"dateModified\":\"2024-06-05T08:04:48+00:00\",\"mainEntityOfPage\":{\"@id\":\"https:\\\/\\\/grupoboulevard.com\\\/corp\\\/2024\\\/06\\\/05\\\/can-pescador-restaurnte-cocina-mediterranea-puerto-de-pollensa\\\/\"},\"wordCount\":3070,\"publisher\":{\"@id\":\"https:\\\/\\\/grupoboulevard.com\\\/corp\\\/#organization\"},\"image\":{\"@id\":\"https:\\\/\\\/grupoboulevard.com\\\/corp\\\/2024\\\/06\\\/05\\\/can-pescador-restaurnte-cocina-mediterranea-puerto-de-pollensa\\\/#primaryimage\"},\"thumbnailUrl\":\"https:\\\/\\\/grupoboulevard.com\\\/corp\\\/wp-content\\\/uploads\\\/2024\\\/06\\\/restaurante-mallorca-cocina-mediterranea-1.png\",\"articleSection\":[\"Noticias Grupo Boulevard\"],\"inLanguage\":\"es\"},{\"@type\":\"WebPage\",\"@id\":\"https:\\\/\\\/grupoboulevard.com\\\/corp\\\/2024\\\/06\\\/05\\\/can-pescador-restaurnte-cocina-mediterranea-puerto-de-pollensa\\\/\",\"url\":\"https:\\\/\\\/grupoboulevard.com\\\/corp\\\/2024\\\/06\\\/05\\\/can-pescador-restaurnte-cocina-mediterranea-puerto-de-pollensa\\\/\",\"name\":\"Cocina mediterr\u00e1nea junto al mar\",\"isPartOf\":{\"@id\":\"https:\\\/\\\/grupoboulevard.com\\\/corp\\\/#website\"},\"primaryImageOfPage\":{\"@id\":\"https:\\\/\\\/grupoboulevard.com\\\/corp\\\/2024\\\/06\\\/05\\\/can-pescador-restaurnte-cocina-mediterranea-puerto-de-pollensa\\\/#primaryimage\"},\"image\":{\"@id\":\"https:\\\/\\\/grupoboulevard.com\\\/corp\\\/2024\\\/06\\\/05\\\/can-pescador-restaurnte-cocina-mediterranea-puerto-de-pollensa\\\/#primaryimage\"},\"thumbnailUrl\":\"https:\\\/\\\/grupoboulevard.com\\\/corp\\\/wp-content\\\/uploads\\\/2024\\\/06\\\/restaurante-mallorca-cocina-mediterranea-1.png\",\"datePublished\":\"2024-06-05T07:31:42+00:00\",\"dateModified\":\"2024-06-05T08:04:48+00:00\",\"description\":\"El restaurante, igual que su restaurante hermano ubicado en Playa de Muro ofrece una carta mediterr\u00e1nea basada en productos de proximidad.\",\"breadcrumb\":{\"@id\":\"https:\\\/\\\/grupoboulevard.com\\\/corp\\\/2024\\\/06\\\/05\\\/can-pescador-restaurnte-cocina-mediterranea-puerto-de-pollensa\\\/#breadcrumb\"},\"inLanguage\":\"es\",\"potentialAction\":[{\"@type\":\"ReadAction\",\"target\":[\"https:\\\/\\\/grupoboulevard.com\\\/corp\\\/2024\\\/06\\\/05\\\/can-pescador-restaurnte-cocina-mediterranea-puerto-de-pollensa\\\/\"]}]},{\"@type\":\"ImageObject\",\"inLanguage\":\"es\",\"@id\":\"https:\\\/\\\/grupoboulevard.com\\\/corp\\\/2024\\\/06\\\/05\\\/can-pescador-restaurnte-cocina-mediterranea-puerto-de-pollensa\\\/#primaryimage\",\"url\":\"https:\\\/\\\/grupoboulevard.com\\\/corp\\\/wp-content\\\/uploads\\\/2024\\\/06\\\/restaurante-mallorca-cocina-mediterranea-1.png\",\"contentUrl\":\"https:\\\/\\\/grupoboulevard.com\\\/corp\\\/wp-content\\\/uploads\\\/2024\\\/06\\\/restaurante-mallorca-cocina-mediterranea-1.png\",\"width\":1600,\"height\":800},{\"@type\":\"BreadcrumbList\",\"@id\":\"https:\\\/\\\/grupoboulevard.com\\\/corp\\\/2024\\\/06\\\/05\\\/can-pescador-restaurnte-cocina-mediterranea-puerto-de-pollensa\\\/#breadcrumb\",\"itemListElement\":[{\"@type\":\"ListItem\",\"position\":1,\"name\":\"Portada\",\"item\":\"https:\\\/\\\/grupoboulevard.com\\\/corp\\\/grupo-boulevard\\\/\"},{\"@type\":\"ListItem\",\"position\":2,\"name\":\"Ca&#8217;n Pescador Puerto de Pollensa, tradici\u00f3n culinaria\"}]},{\"@type\":\"WebSite\",\"@id\":\"https:\\\/\\\/grupoboulevard.com\\\/corp\\\/#website\",\"url\":\"https:\\\/\\\/grupoboulevard.com\\\/corp\\\/\",\"name\":\"Grupo Boulevard | Desde 1993\",\"description\":\"Passion for Projects\",\"publisher\":{\"@id\":\"https:\\\/\\\/grupoboulevard.com\\\/corp\\\/#organization\"},\"potentialAction\":[{\"@type\":\"SearchAction\",\"target\":{\"@type\":\"EntryPoint\",\"urlTemplate\":\"https:\\\/\\\/grupoboulevard.com\\\/corp\\\/?s={search_term_string}\"},\"query-input\":{\"@type\":\"PropertyValueSpecification\",\"valueRequired\":true,\"valueName\":\"search_term_string\"}}],\"inLanguage\":\"es\"},{\"@type\":\"Organization\",\"@id\":\"https:\\\/\\\/grupoboulevard.com\\\/corp\\\/#organization\",\"name\":\"Grupo Boulevard\",\"alternateName\":\"Grupo Boulevard\",\"url\":\"https:\\\/\\\/grupoboulevard.com\\\/corp\\\/\",\"logo\":{\"@type\":\"ImageObject\",\"inLanguage\":\"es\",\"@id\":\"https:\\\/\\\/grupoboulevard.com\\\/corp\\\/#\\\/schema\\\/logo\\\/image\\\/\",\"url\":\"https:\\\/\\\/grupoboulevard.com\\\/corp\\\/wp-content\\\/uploads\\\/2022\\\/11\\\/cropped-favicon_b.png\",\"contentUrl\":\"https:\\\/\\\/grupoboulevard.com\\\/corp\\\/wp-content\\\/uploads\\\/2022\\\/11\\\/cropped-favicon_b.png\",\"width\":512,\"height\":512,\"caption\":\"Grupo Boulevard\"},\"image\":{\"@id\":\"https:\\\/\\\/grupoboulevard.com\\\/corp\\\/#\\\/schema\\\/logo\\\/image\\\/\"},\"sameAs\":[\"https:\\\/\\\/es-es.facebook.com\\\/ProyectosBoulevard\\\/\",\"https:\\\/\\\/www.instagram.com\\\/boulevard_grupo\\\/?hl=es\"]},{\"@type\":\"Person\",\"@id\":\"https:\\\/\\\/grupoboulevard.com\\\/corp\\\/#\\\/schema\\\/person\\\/ab99798133b4cda1c8b5d1d201ea44a5\",\"name\":\"Grupo_Boulevard\",\"image\":{\"@type\":\"ImageObject\",\"inLanguage\":\"es\",\"@id\":\"https:\\\/\\\/secure.gravatar.com\\\/avatar\\\/2fb8dfe26f2a6d8f196db0d473640dd0739ebf2e0ee2abc13047fbcf0a8c0cf3?s=96&d=mm&r=g\",\"url\":\"https:\\\/\\\/secure.gravatar.com\\\/avatar\\\/2fb8dfe26f2a6d8f196db0d473640dd0739ebf2e0ee2abc13047fbcf0a8c0cf3?s=96&d=mm&r=g\",\"contentUrl\":\"https:\\\/\\\/secure.gravatar.com\\\/avatar\\\/2fb8dfe26f2a6d8f196db0d473640dd0739ebf2e0ee2abc13047fbcf0a8c0cf3?s=96&d=mm&r=g\",\"caption\":\"Grupo_Boulevard\"},\"description\":\"Grupo Boulevard, m\u00e1s de 30 a\u00f1os de trayectoria empresarial. Grupo Boulevard engloba un conjunto de marcas que abarcan diferentes sectores con una misi\u00f3n en com\u00fan: Ofrecer experiencias y proyectos aut\u00e9nticos y de calidad.\",\"sameAs\":[\"https:\\\/\\\/grupoboulevard.com\\\/corp\"],\"url\":\"https:\\\/\\\/grupoboulevard.com\\\/corp\\\/author\\\/grupo_boulevard\\\/\"}]}<\/script>\n<!-- \/ Yoast SEO plugin. -->","yoast_head_json":{"title":"Cocina mediterr\u00e1nea junto al mar","description":"El restaurante, igual que su restaurante hermano ubicado en Playa de Muro ofrece una carta mediterr\u00e1nea basada en productos de proximidad.","robots":{"index":"index","follow":"follow","max-snippet":"max-snippet:-1","max-image-preview":"max-image-preview:large","max-video-preview":"max-video-preview:-1"},"canonical":"https:\/\/grupoboulevard.com\/corp\/2024\/06\/05\/can-pescador-restaurnte-cocina-mediterranea-puerto-de-pollensa\/","og_locale":"es_ES","og_type":"article","og_title":"Cocina mediterr\u00e1nea junto al mar","og_description":"El restaurante, igual que su restaurante hermano ubicado en Playa de Muro ofrece una carta mediterr\u00e1nea basada en productos de proximidad.","og_url":"https:\/\/grupoboulevard.com\/corp\/2024\/06\/05\/can-pescador-restaurnte-cocina-mediterranea-puerto-de-pollensa\/","og_site_name":"Grupo Boulevard | Desde 1993","article_publisher":"https:\/\/es-es.facebook.com\/ProyectosBoulevard\/","article_published_time":"2024-06-05T07:31:42+00:00","article_modified_time":"2024-06-05T08:04:48+00:00","og_image":[{"width":1030,"height":515,"url":"https:\/\/grupoboulevard.com\/corp\/wp-content\/uploads\/2024\/06\/restaurante-mallorca-cocina-mediterranea-1-1030x515.png","type":"image\/png"}],"author":"Grupo_Boulevard","twitter_card":"summary_large_image","twitter_misc":{"Escrito por":"Grupo_Boulevard","Tiempo de lectura":"7 minutos"},"schema":{"@context":"https:\/\/schema.org","@graph":[{"@type":"Article","@id":"https:\/\/grupoboulevard.com\/corp\/2024\/06\/05\/can-pescador-restaurnte-cocina-mediterranea-puerto-de-pollensa\/#article","isPartOf":{"@id":"https:\/\/grupoboulevard.com\/corp\/2024\/06\/05\/can-pescador-restaurnte-cocina-mediterranea-puerto-de-pollensa\/"},"author":{"name":"Grupo_Boulevard","@id":"https:\/\/grupoboulevard.com\/corp\/#\/schema\/person\/ab99798133b4cda1c8b5d1d201ea44a5"},"headline":"Ca&#8217;n Pescador Puerto de Pollensa, tradici\u00f3n culinaria","datePublished":"2024-06-05T07:31:42+00:00","dateModified":"2024-06-05T08:04:48+00:00","mainEntityOfPage":{"@id":"https:\/\/grupoboulevard.com\/corp\/2024\/06\/05\/can-pescador-restaurnte-cocina-mediterranea-puerto-de-pollensa\/"},"wordCount":3070,"publisher":{"@id":"https:\/\/grupoboulevard.com\/corp\/#organization"},"image":{"@id":"https:\/\/grupoboulevard.com\/corp\/2024\/06\/05\/can-pescador-restaurnte-cocina-mediterranea-puerto-de-pollensa\/#primaryimage"},"thumbnailUrl":"https:\/\/grupoboulevard.com\/corp\/wp-content\/uploads\/2024\/06\/restaurante-mallorca-cocina-mediterranea-1.png","articleSection":["Noticias Grupo Boulevard"],"inLanguage":"es"},{"@type":"WebPage","@id":"https:\/\/grupoboulevard.com\/corp\/2024\/06\/05\/can-pescador-restaurnte-cocina-mediterranea-puerto-de-pollensa\/","url":"https:\/\/grupoboulevard.com\/corp\/2024\/06\/05\/can-pescador-restaurnte-cocina-mediterranea-puerto-de-pollensa\/","name":"Cocina mediterr\u00e1nea junto al mar","isPartOf":{"@id":"https:\/\/grupoboulevard.com\/corp\/#website"},"primaryImageOfPage":{"@id":"https:\/\/grupoboulevard.com\/corp\/2024\/06\/05\/can-pescador-restaurnte-cocina-mediterranea-puerto-de-pollensa\/#primaryimage"},"image":{"@id":"https:\/\/grupoboulevard.com\/corp\/2024\/06\/05\/can-pescador-restaurnte-cocina-mediterranea-puerto-de-pollensa\/#primaryimage"},"thumbnailUrl":"https:\/\/grupoboulevard.com\/corp\/wp-content\/uploads\/2024\/06\/restaurante-mallorca-cocina-mediterranea-1.png","datePublished":"2024-06-05T07:31:42+00:00","dateModified":"2024-06-05T08:04:48+00:00","description":"El restaurante, igual que su restaurante hermano ubicado en Playa de Muro ofrece una carta mediterr\u00e1nea basada en productos de proximidad.","breadcrumb":{"@id":"https:\/\/grupoboulevard.com\/corp\/2024\/06\/05\/can-pescador-restaurnte-cocina-mediterranea-puerto-de-pollensa\/#breadcrumb"},"inLanguage":"es","potentialAction":[{"@type":"ReadAction","target":["https:\/\/grupoboulevard.com\/corp\/2024\/06\/05\/can-pescador-restaurnte-cocina-mediterranea-puerto-de-pollensa\/"]}]},{"@type":"ImageObject","inLanguage":"es","@id":"https:\/\/grupoboulevard.com\/corp\/2024\/06\/05\/can-pescador-restaurnte-cocina-mediterranea-puerto-de-pollensa\/#primaryimage","url":"https:\/\/grupoboulevard.com\/corp\/wp-content\/uploads\/2024\/06\/restaurante-mallorca-cocina-mediterranea-1.png","contentUrl":"https:\/\/grupoboulevard.com\/corp\/wp-content\/uploads\/2024\/06\/restaurante-mallorca-cocina-mediterranea-1.png","width":1600,"height":800},{"@type":"BreadcrumbList","@id":"https:\/\/grupoboulevard.com\/corp\/2024\/06\/05\/can-pescador-restaurnte-cocina-mediterranea-puerto-de-pollensa\/#breadcrumb","itemListElement":[{"@type":"ListItem","position":1,"name":"Portada","item":"https:\/\/grupoboulevard.com\/corp\/grupo-boulevard\/"},{"@type":"ListItem","position":2,"name":"Ca&#8217;n Pescador Puerto de Pollensa, tradici\u00f3n culinaria"}]},{"@type":"WebSite","@id":"https:\/\/grupoboulevard.com\/corp\/#website","url":"https:\/\/grupoboulevard.com\/corp\/","name":"Grupo Boulevard | Desde 1993","description":"Passion for Projects","publisher":{"@id":"https:\/\/grupoboulevard.com\/corp\/#organization"},"potentialAction":[{"@type":"SearchAction","target":{"@type":"EntryPoint","urlTemplate":"https:\/\/grupoboulevard.com\/corp\/?s={search_term_string}"},"query-input":{"@type":"PropertyValueSpecification","valueRequired":true,"valueName":"search_term_string"}}],"inLanguage":"es"},{"@type":"Organization","@id":"https:\/\/grupoboulevard.com\/corp\/#organization","name":"Grupo Boulevard","alternateName":"Grupo Boulevard","url":"https:\/\/grupoboulevard.com\/corp\/","logo":{"@type":"ImageObject","inLanguage":"es","@id":"https:\/\/grupoboulevard.com\/corp\/#\/schema\/logo\/image\/","url":"https:\/\/grupoboulevard.com\/corp\/wp-content\/uploads\/2022\/11\/cropped-favicon_b.png","contentUrl":"https:\/\/grupoboulevard.com\/corp\/wp-content\/uploads\/2022\/11\/cropped-favicon_b.png","width":512,"height":512,"caption":"Grupo Boulevard"},"image":{"@id":"https:\/\/grupoboulevard.com\/corp\/#\/schema\/logo\/image\/"},"sameAs":["https:\/\/es-es.facebook.com\/ProyectosBoulevard\/","https:\/\/www.instagram.com\/boulevard_grupo\/?hl=es"]},{"@type":"Person","@id":"https:\/\/grupoboulevard.com\/corp\/#\/schema\/person\/ab99798133b4cda1c8b5d1d201ea44a5","name":"Grupo_Boulevard","image":{"@type":"ImageObject","inLanguage":"es","@id":"https:\/\/secure.gravatar.com\/avatar\/2fb8dfe26f2a6d8f196db0d473640dd0739ebf2e0ee2abc13047fbcf0a8c0cf3?s=96&d=mm&r=g","url":"https:\/\/secure.gravatar.com\/avatar\/2fb8dfe26f2a6d8f196db0d473640dd0739ebf2e0ee2abc13047fbcf0a8c0cf3?s=96&d=mm&r=g","contentUrl":"https:\/\/secure.gravatar.com\/avatar\/2fb8dfe26f2a6d8f196db0d473640dd0739ebf2e0ee2abc13047fbcf0a8c0cf3?s=96&d=mm&r=g","caption":"Grupo_Boulevard"},"description":"Grupo Boulevard, m\u00e1s de 30 a\u00f1os de trayectoria empresarial. Grupo Boulevard engloba un conjunto de marcas que abarcan diferentes sectores con una misi\u00f3n en com\u00fan: Ofrecer experiencias y proyectos aut\u00e9nticos y de calidad.","sameAs":["https:\/\/grupoboulevard.com\/corp"],"url":"https:\/\/grupoboulevard.com\/corp\/author\/grupo_boulevard\/"}]}},"_links":{"self":[{"href":"https:\/\/grupoboulevard.com\/corp\/wp-json\/wp\/v2\/posts\/5216","targetHints":{"allow":["GET"]}}],"collection":[{"href":"https:\/\/grupoboulevard.com\/corp\/wp-json\/wp\/v2\/posts"}],"about":[{"href":"https:\/\/grupoboulevard.com\/corp\/wp-json\/wp\/v2\/types\/post"}],"author":[{"embeddable":true,"href":"https:\/\/grupoboulevard.com\/corp\/wp-json\/wp\/v2\/users\/1"}],"replies":[{"embeddable":true,"href":"https:\/\/grupoboulevard.com\/corp\/wp-json\/wp\/v2\/comments?post=5216"}],"version-history":[{"count":15,"href":"https:\/\/grupoboulevard.com\/corp\/wp-json\/wp\/v2\/posts\/5216\/revisions"}],"predecessor-version":[{"id":5240,"href":"https:\/\/grupoboulevard.com\/corp\/wp-json\/wp\/v2\/posts\/5216\/revisions\/5240"}],"wp:featuredmedia":[{"embeddable":true,"href":"https:\/\/grupoboulevard.com\/corp\/wp-json\/wp\/v2\/media\/5218"}],"wp:attachment":[{"href":"https:\/\/grupoboulevard.com\/corp\/wp-json\/wp\/v2\/media?parent=5216"}],"wp:term":[{"taxonomy":"category","embeddable":true,"href":"https:\/\/grupoboulevard.com\/corp\/wp-json\/wp\/v2\/categories?post=5216"},{"taxonomy":"post_tag","embeddable":true,"href":"https:\/\/grupoboulevard.com\/corp\/wp-json\/wp\/v2\/tags?post=5216"}],"curies":[{"name":"wp","href":"https:\/\/api.w.org\/{rel}","templated":true}]}}